{"id":1262,"date":"2025-03-16T09:04:30","date_gmt":"2025-03-16T08:04:30","guid":{"rendered":"https:\/\/amea.isabellatech.co\/art-amp-culture-guide-marbella\/"},"modified":"2025-07-29T14:43:31","modified_gmt":"2025-07-29T12:43:31","slug":"art-amp-culture-guide-marbella","status":"publish","type":"post","link":"https:\/\/www.ameaestate.com\/es\/art-amp-culture-guide-marbella\/","title":{"rendered":"Gu\u00eda de Arte y Cultura de Marbella"},"content":{"rendered":"<p>Marbella es una ciudad que nunca duerme, ofreciendo un rico mosaico de eventos y actividades durante todo el a\u00f1o. Desde festivales culturales hasta fiestas exclusivas, siempre hay algo sucediendo en este vibrante destino mediterr\u00e1neo.<br \/>\nYa seas un habitante o un visitante, es esencial estar al tanto de las fechas clave que hacen de Marbella un lugar tan emocionante. En este art\u00edculo, resaltaremos los eventos imprescindibles y las fechas importantes que deben estar en tu agenda, asegurando que no te pierdas ninguna de las experiencias inolvidables que Marbella tiene para ofrecer.<\/p>\n<p class=\"\" style=\"white-space: pre-wrap;\"><strong>Eventos imperdibles y fechas importantes:<\/strong><\/p>\n<p class=\"\" style=\"white-space: pre-wrap;\">Semana Santa<\/p>\n<figure class=\" sqs-block-image-figure intrinsic \" style=\"max-width: 1200px;\">\n  <img loading=\"lazy\" decoding=\"async\" style=\"display: block; object-fit: cover; width: 100%; height: 100%; object-position: 50% 50%;\" src=\"https:\/\/ameaestate.com\/wp-content\/uploads\/2025\/02\/semana-santa-1.jpg\" sizes=\"auto, (max-width: 640px) 100vw, (max-width: 767px) 100vw, 100vw\" srcset=\"https:\/\/ameaestate.com\/wp-content\/uploads\/2025\/02\/semana-santa-1.jpg?format=100w 100w, https:\/\/ameaestate.com\/wp-content\/uploads\/2025\/02\/semana-santa-1.jpg?format=300w 300w, https:\/\/ameaestate.com\/wp-content\/uploads\/2025\/02\/semana-santa-1.jpg?format=500w 500w, https:\/\/ameaestate.com\/wp-content\/uploads\/2025\/02\/semana-santa-1.jpg?format=750w 750w, https:\/\/ameaestate.com\/wp-content\/uploads\/2025\/02\/semana-santa-1.jpg?format=1000w 1000w, https:\/\/ameaestate.com\/wp-content\/uploads\/2025\/02\/semana-santa-1.jpg?format=1500w 1500w, https:\/\/ameaestate.com\/wp-content\/uploads\/2025\/02\/semana-santa-1.jpg?format=2500w 2500w\" alt=\"\" width=\"1200\" height=\"800\" data-stretch=\"false\" data-image=\"https:\/\/ameaestate.com\/wp-content\/uploads\/2025\/02\/semana-santa-1.jpg\" data-image-dimensions=\"1200x800\" data-image-focal-point=\"0.5,0.5\" data-load=\"false\" data-loader=\"sqs\" \/><br \/>\n<\/figure>\n<p class=\"sqsrte-small\" style=\"white-space: pre-wrap;\"><strong>Fecha:<\/strong> Generalmente en marzo o abril, dependiendo de cu\u00e1ndo caiga la Semana Santa.<\/p>\n<p>Semana Santa es uno de los eventos religiosos m\u00e1s importantes de Espa\u00f1a, que tiene lugar durante la semana previa al Domingo de Resurrecci\u00f3n. Se conmemora el sufrimiento, la muerte y la resurrecci\u00f3n de Jesucristo.<br \/>\nCiudades y pueblos de toda Espa\u00f1a celebran elaboradas procesiones con grandes pasos que representan escenas de la Pasi\u00f3n de Cristo. Estos pasos son transportados por costaleros a lo largo de las calles, acompa\u00f1ados de m\u00fasica solemne. Los participantes, vestidos con trajes tradicionales y capirotes, siguen los pasos, creando un ambiente de reflexi\u00f3n.<br \/>\nCada regi\u00f3n tiene sus propias costumbres, lo que hace que la Semana Santa sea una experiencia diversa. En Marbella, las procesiones combinan solemnidad y celebraci\u00f3n, reflejando el esp\u00edritu vibrante de la ciudad.<\/p>\n<p class=\"\" style=\"white-space: pre-wrap;\">Feria de San Bernab\u00e9 (Feria de Marbella)<\/p>\n<p class=\"sqsrte-small\" style=\"white-space: pre-wrap;\"><strong>Fecha:<\/strong> Principios de junio.<\/p>\n<p>La Feria de San Bernab\u00e9, tambi\u00e9n conocida como la Feria de Marbella, es una animada celebraci\u00f3n anual que se celebra en junio para honrar al patr\u00f3n de Marbella, San Bernab\u00e9. Este festival de una semana presenta una variedad de eventos, que incluyen coloridos desfiles, m\u00fasica tradicional, baile y espect\u00e1culos de flamenco. Tanto locales como visitantes se visten con trajes tradicionales espa\u00f1oles, disfrutan de atracciones feriales y se deleitan con la deliciosa gastronom\u00eda y bebidas locales. La feria combina tradiciones culturales con un ambiente festivo, convirti\u00e9ndola en uno de los eventos m\u00e1s populares y emocionantes de Marbella.<\/p>\n<p class=\"\" style=\"white-space: pre-wrap;\">Festival de la Luna Mora<\/p>\n<p class=\"sqsrte-small\" style=\"white-space: pre-wrap;\"><strong>Fecha:<\/strong> Agosto.<\/p>\n<p>El Festival de la Luna Mora, celebrado cada septiembre en Guaro, transforma el pueblo con miles de velas, creando un ambiente m\u00e1gico. Los visitantes disfrutan de m\u00fasica en vivo, baile, comida tradicional y artesan\u00edas, celebrando la rica mezcla de culturas cristiana, musulmana y jud\u00eda.<\/p>\n<p class=\"\" style=\"white-space: pre-wrap;\">Marbella Jazz Festival<\/p>\n<p class=\"sqsrte-small\" style=\"white-space: pre-wrap;\"><strong>Fecha:<\/strong> Generalmente en agosto.<\/p>\n<p>El Marbella Jazz Festival, celebrado cada octubre, re\u00fane a destacados m\u00fasicos de jazz de todo el mundo. Ubicado en el pintoresco Marbella, ofrece una combinaci\u00f3n de actuaciones de jazz cl\u00e1sico y contempor\u00e1neo, creando un ambiente vibrante para los amantes de la m\u00fasica.<\/p>\n<p class=\"\" style=\"white-space: pre-wrap;\">Feria de M\u00e1laga<\/p>\n<figure class=\" sqs-block-image-figure intrinsic \" style=\"max-width: 1785px;\">\n  <img loading=\"lazy\" decoding=\"async\" style=\"display: block; object-fit: cover; width: 100%; height: 100%; object-position: 50% 50%;\" src=\"https:\/\/ameaestate.com\/wp-content\/uploads\/2025\/02\/unsplash-image-wCnx_Y0HP-Y.jpg\" sizes=\"auto, (max-width: 640px) 100vw, (max-width: 767px) 100vw, 100vw\" srcset=\"https:\/\/ameaestate.com\/wp-content\/uploads\/2025\/02\/unsplash-image-wCnx_Y0HP-Y.jpg?format=100w 100w, https:\/\/ameaestate.com\/wp-content\/uploads\/2025\/02\/unsplash-image-wCnx_Y0HP-Y.jpg?format=300w 300w, https:\/\/ameaestate.com\/wp-content\/uploads\/2025\/02\/unsplash-image-wCnx_Y0HP-Y.jpg?format=500w 500w, https:\/\/ameaestate.com\/wp-content\/uploads\/2025\/02\/unsplash-image-wCnx_Y0HP-Y.jpg?format=750w 750w, https:\/\/ameaestate.com\/wp-content\/uploads\/2025\/02\/unsplash-image-wCnx_Y0HP-Y.jpg?format=1000w 1000w, https:\/\/ameaestate.com\/wp-content\/uploads\/2025\/02\/unsplash-image-wCnx_Y0HP-Y.jpg?format=1500w 1500w, https:\/\/ameaestate.com\/wp-content\/uploads\/2025\/02\/unsplash-image-wCnx_Y0HP-Y.jpg?format=2500w 2500w\" alt=\"\" width=\"1785\" height=\"1190\" data-stretch=\"false\" data-image=\"https:\/\/ameaestate.com\/wp-content\/uploads\/2025\/02\/unsplash-image-wCnx_Y0HP-Y.jpg\" data-image-dimensions=\"1785x1190\" data-image-focal-point=\"0.5,0.5\" data-load=\"false\" data-loader=\"sqs\" \/><br \/>\n<\/figure>\n<p class=\"sqsrte-small\" style=\"white-space: pre-wrap;\"><strong>Fecha:<\/strong> Agosto.<\/p>\n<p>La Feria de M\u00e1laga, celebrada en agosto, es una feria anual vibrante que celebra la historia y la cultura de la ciudad. El evento presenta desfiles llenos de vida, m\u00fasica y baile tradicionales, corridas de toros y un animado parque de atracciones con juegos y puestos de comida. Es una semana de festividades que atrae tanto a locales como a visitantes, mostrando las ricas tradiciones y el esp\u00edritu festivo de M\u00e1laga.<\/p>\n<p class=\"\" style=\"white-space: pre-wrap;\">La Noche en Blanco<\/p>\n<p class=\"sqsrte-small\" style=\"white-space: pre-wrap;\"><strong>Fecha:<\/strong> T\u00edpicamente en septiembre.<\/p>\n<p>La Noche en Blanco es un evento cultural anual en el que las ciudades permanecen abiertas hasta altas horas de la noche, ofreciendo acceso gratuito a museos, galer\u00edas y actividades culturales. Celebrado en varias ciudades, presenta actuaciones, exposiciones y arte urbano, todo en un ambiente festivo que invita a explorar y disfrutar de la escena cultural de la ciudad despu\u00e9s del anochecer.<\/p>\n<p class=\"\" style=\"white-space: pre-wrap;\">Romer\u00eda de San Bernab\u00e9<\/p>\n<p class=\"sqsrte-small\" style=\"white-space: pre-wrap;\"><strong>Fecha:<\/strong> Junio.<\/p>\n<p>La Romer\u00eda de San Bernab\u00e9 es una peregrinaci\u00f3n tradicional que se celebra en Marbella cada junio para honrar a San Bernab\u00e9, el patr\u00f3n de la ciudad. Los participantes caminan o cabalgan hacia un santuario cercano, a menudo vestidos con atuendos tradicionales. El evento incluye ceremonias religiosas, m\u00fasica folcl\u00f3rica y celebraciones locales, combinando la devoci\u00f3n con un esp\u00edritu festivo comunitario.<\/p>\n<p class=\"\" style=\"white-space: pre-wrap;\">Festival de Cante Grande (Festival de Flamenco)<\/p>\n<p class=\"sqsrte-small\" style=\"white-space: pre-wrap;\"><strong>Fecha:<\/strong> Varias veces a lo largo del a\u00f1o.<\/p>\n<p>El Festival de Cante Grande, o Festival de Flamenco, es un evento anual dedicado a celebrar la m\u00fasica y el baile flamenco tradicionales. Celebrado en diversos lugares, presenta actuaciones de destacados artistas de flamenco, mostrando el canto apasionado, la guitarra y las intrincadas rutinas de baile. Este festival ofrece una plataforma vibrante para experimentar la profundidad y la belleza del flamenco, atrayendo tanto a entusiastas como a nuevos aficionados.<\/p>\n<p class=\"\" style=\"white-space: pre-wrap;\">Marbella International Film Festival (MIFF)<\/p>\n<p class=\"sqsrte-small\" style=\"white-space: pre-wrap;\"><strong>Fecha:<\/strong> Octubre.<\/p>\n<p>El Marbella International Film Festival (MIFF) es un evento anual que celebra el cine global, realizado cada octubre en Marbella. Presenta una diversa selecci\u00f3n de pel\u00edculas de todo el mundo, que incluyen largometrajes, cortometrajes y documentales. El festival ofrece proyecciones, paneles de discusi\u00f3n y oportunidades de networking para cineastas y aficionados al cine, convirti\u00e9ndolo en un evento cultural clave en la vibrante escena art\u00edstica de Marbella.<\/p>\n<p class=\"\" style=\"white-space: pre-wrap;\">Celebraciones de Navidad y A\u00f1o Nuevo:<\/p>\n<p class=\"sqsrte-small\" style=\"white-space: pre-wrap;\"><strong>Fecha:<\/strong> Diciembre.<\/p>\n<p>Las celebraciones de Navidad y A\u00f1o Nuevo son festivas y animadas. La Navidad se caracteriza por impresionantes exhibiciones de luces, mercados bulliciosos y conciertos tradicionales. La v\u00edspera de A\u00f1o Nuevo presenta espectaculares fuegos artificiales y fiestas al aire libre, con celebraciones a menudo centradas en las plazas de la ciudad. Ambas festividades ofrecen un ambiente c\u00e1lido y vibrante, que mezcla las tradiciones locales con el esp\u00edritu festivo de la temporada.<\/p>\n<p class=\"sqsrte-large\" style=\"white-space: pre-wrap;\">Descubre las principales galer\u00edas de arte de Marbella<\/p>\n<p class=\"\" style=\"white-space: pre-wrap;\">Isolina Arbulu Gallery<\/p>\n<figure class=\" sqs-block-image-figure intrinsic \" style=\"max-width: 650px;\">\n  <img loading=\"lazy\" decoding=\"async\" style=\"display: block; object-fit: cover; width: 100%; height: 100%; object-position: 50% 50%;\" src=\"https:\/\/ameaestate.com\/wp-content\/uploads\/2025\/02\/1_aixa__038web.jpg\" sizes=\"auto, (max-width: 640px) 100vw, (max-width: 767px) 100vw, 100vw\" srcset=\"https:\/\/ameaestate.com\/wp-content\/uploads\/2025\/02\/1_aixa__038web.jpg?format=100w 100w, https:\/\/ameaestate.com\/wp-content\/uploads\/2025\/02\/1_aixa__038web.jpg?format=300w 300w, https:\/\/ameaestate.com\/wp-content\/uploads\/2025\/02\/1_aixa__038web.jpg?format=500w 500w, https:\/\/ameaestate.com\/wp-content\/uploads\/2025\/02\/1_aixa__038web.jpg?format=750w 750w, https:\/\/ameaestate.com\/wp-content\/uploads\/2025\/02\/1_aixa__038web.jpg?format=1000w 1000w, https:\/\/ameaestate.com\/wp-content\/uploads\/2025\/02\/1_aixa__038web.jpg?format=1500w 1500w, https:\/\/ameaestate.com\/wp-content\/uploads\/2025\/02\/1_aixa__038web.jpg?format=2500w 2500w\" alt=\"\" width=\"650\" height=\"434\" data-stretch=\"false\" data-image=\"https:\/\/ameaestate.com\/wp-content\/uploads\/2025\/02\/1_aixa__038web.jpg\" data-image-dimensions=\"650x434\" data-image-focal-point=\"0.5,0.5\" data-load=\"false\" data-loader=\"sqs\" \/><br \/>\n<\/figure>\n<p>La Galer\u00eda Isolina Arbulu en Marbella, Espa\u00f1a, es conocida por su compromiso con la exhibici\u00f3n de arte contempor\u00e1neo. Establecida por Isolina Arbulu, la galer\u00eda forma parte de la vibrante escena cultural de Marbella y se centra en promover tanto a artistas consagrados como emergentes.<br \/>\nLa galer\u00eda a menudo presenta una variedad de obras, que incluyen pinturas, esculturas y piezas en medios mixtos, con \u00e9nfasis en trabajos innovadores y que invitan a la reflexi\u00f3n. Funciona como plataforma para que los artistas alcancen un p\u00fablico m\u00e1s amplio y contribuye a las comunidades art\u00edsticas locales e internacionales.<\/p>\n<p class=\"\" style=\"white-space: pre-wrap;\"><strong>Ralli Museum<\/strong><\/p>\n<p>El Museo Ralli en Marbella forma parte de una red de museos Ralli que se centran en el arte contempor\u00e1neo latinoamericano. Ubicado en Marbella, Espa\u00f1a, el museo cuenta con una colecci\u00f3n de obras de artistas contempor\u00e1neos latinoamericanos, europeos e internacionales. Exhibe piezas modernas y contempor\u00e1neas, combinando t\u00e9cnicas tradicionales latinoamericanas con temas actuales. Adem\u00e1s, el museo acoge exposiciones temporales, programas educativos y eventos culturales, convirti\u00e9ndose en un destino cultural destacado.<\/p>\n<p class=\"\" style=\"white-space: pre-wrap;\"><strong>Reiners Contemporary Art Gallery<\/strong><\/p>\n<p>La Reiners Contemporary Art Gallery es un espacio art\u00edstico conocido por exhibir arte contempor\u00e1neo tanto de artistas consolidados como emergentes. Ubicada en el coraz\u00f3n de la escena art\u00edstica, la galer\u00eda presenta una amplia gama de medios, incluyendo pintura, escultura e instalaciones multimedia. Es reconocida por sus exposiciones curadas que resaltan obras innovadoras y que invitan a la reflexi\u00f3n, contribuyendo al di\u00e1logo continuo en el mundo del arte contempor\u00e1neo.<\/p>\n<p class=\"\" style=\"white-space: pre-wrap;\">Es.Arte Gallery<\/p>\n<p>La Es.Arte Gallery en Marbella es conocida por su enfoque en el arte contempor\u00e1neo y moderno. La galer\u00eda presenta una diversa gama de obras, que incluyen pinturas, esculturas y piezas en medios mixtos, tanto de artistas emergentes como consagrados. Juega un papel activo en la escena art\u00edstica local al acoger exposiciones cautivadoras y eventos culturales.<\/p>\n<p class=\"\" style=\"white-space: pre-wrap;\">Fornara Gallery<\/p>\n<p>Fornara Gallery es un espacio de arte contempor\u00e1neo reconocido por su enfoque en obras modernas y de vanguardia. Presenta una diversa variedad de medios, que incluyen pintura, escultura y piezas en medios mixtos, y exhibe tanto a artistas consagrados como emergentes. La galer\u00eda es reconocida por sus exposiciones din\u00e1micas y su compromiso con la presentaci\u00f3n de arte innovador y que invita a la reflexi\u00f3n.<\/p>\n<p class=\"\" style=\"white-space: pre-wrap;\">Sholeh Abghari Contemporary Art Gallery<\/p>\n<figure class=\" sqs-block-image-figure intrinsic \" style=\"max-width: 800px;\">\n  <img loading=\"lazy\" decoding=\"async\" style=\"display: block; object-fit: cover; width: 100%; height: 100%; object-position: 50% 50%;\" src=\"https:\/\/ameaestate.com\/wp-content\/uploads\/2025\/02\/sholeh-abghari-art-gallery-in-Marbella-contemporary-art-from-the-middle-east-e.jpg\" sizes=\"auto, (max-width: 640px) 100vw, (max-width: 767px) 100vw, 100vw\" srcset=\"https:\/\/ameaestate.com\/wp-content\/uploads\/2025\/02\/sholeh-abghari-art-gallery-in-Marbella-contemporary-art-from-the-middle-east-e.jpg?format=100w 100w, https:\/\/ameaestate.com\/wp-content\/uploads\/2025\/02\/sholeh-abghari-art-gallery-in-Marbella-contemporary-art-from-the-middle-east-e.jpg?format=300w 300w, https:\/\/ameaestate.com\/wp-content\/uploads\/2025\/02\/sholeh-abghari-art-gallery-in-Marbella-contemporary-art-from-the-middle-east-e.jpg?format=500w 500w, https:\/\/ameaestate.com\/wp-content\/uploads\/2025\/02\/sholeh-abghari-art-gallery-in-Marbella-contemporary-art-from-the-middle-east-e.jpg?format=750w 750w, https:\/\/ameaestate.com\/wp-content\/uploads\/2025\/02\/sholeh-abghari-art-gallery-in-Marbella-contemporary-art-from-the-middle-east-e.jpg?format=1000w 1000w, https:\/\/ameaestate.com\/wp-content\/uploads\/2025\/02\/sholeh-abghari-art-gallery-in-Marbella-contemporary-art-from-the-middle-east-e.jpg?format=1500w 1500w, https:\/\/ameaestate.com\/wp-content\/uploads\/2025\/02\/sholeh-abghari-art-gallery-in-Marbella-contemporary-art-from-the-middle-east-e.jpg?format=2500w 2500w\" alt=\"\" width=\"800\" height=\"500\" data-stretch=\"false\" data-image=\"https:\/\/ameaestate.com\/wp-content\/uploads\/2025\/02\/sholeh-abghari-art-gallery-in-Marbella-contemporary-art-from-the-middle-east-e.jpg\" data-image-dimensions=\"800x500\" data-image-focal-point=\"0.5,0.5\" data-load=\"false\" data-loader=\"sqs\" \/><br \/>\n<\/figure>\n<p>La Sholeh Abghari Contemporary Art Gallery se centra en el arte moderno y contempor\u00e1neo, presentando una diversa colecci\u00f3n de obras de artistas emergentes y consagrados. La galer\u00eda es reconocida por sus exposiciones din\u00e1micas y su compromiso con la exhibici\u00f3n de arte innovador y que invita a la reflexi\u00f3n.<\/p>\n<p class=\"\" style=\"white-space: pre-wrap;\">Arte by Leyton<\/p>\n<p>Arte by Leyton es una galer\u00eda de arte contempor\u00e1neo conocida por su enfoque en el arte moderno y abstracto. Presenta una diversa gama de obras, que incluyen pinturas, esculturas y piezas en medios mixtos, destacando tanto a artistas consagrados como emergentes. La galer\u00eda es reconocida por sus exposiciones curadas que muestran arte innovador y que invita a la reflexi\u00f3n.<\/p>\n<p class=\"\" style=\"white-space: pre-wrap;\">Sammer Gallery<\/p>\n<p>Sammer Gallery se destaca por su \u00e9nfasis en el arte contempor\u00e1neo, exhibiendo una variada gama de medios que incluyen pintura, escultura y fotograf\u00eda. La galer\u00eda se centra tanto en artistas emergentes como en consagrados, ofreciendo una plataforma para exposiciones innovadoras y atractivas. Juega un papel importante en la escena del arte contempor\u00e1neo, contribuyendo al di\u00e1logo cultural y a la exploraci\u00f3n art\u00edstica.<\/p>\n<h3 style=\"white-space: pre-wrap;\">Museos<\/h3>\n<figure class=\" sqs-block-image-figure intrinsic \" style=\"max-width: 2500px;\">\n  <img loading=\"lazy\" decoding=\"async\" style=\"display: block; object-fit: cover; width: 100%; height: 100%; object-position: 50% 50%;\" src=\"https:\/\/ameaestate.com\/wp-content\/uploads\/2025\/02\/unsplash-image-iqeG5xA96M4.jpg\" sizes=\"auto, (max-width: 640px) 100vw, (max-width: 767px) 100vw, 100vw\" srcset=\"https:\/\/ameaestate.com\/wp-content\/uploads\/2025\/02\/unsplash-image-iqeG5xA96M4.jpg?format=100w 100w, https:\/\/ameaestate.com\/wp-content\/uploads\/2025\/02\/unsplash-image-iqeG5xA96M4.jpg?format=300w 300w, https:\/\/ameaestate.com\/wp-content\/uploads\/2025\/02\/unsplash-image-iqeG5xA96M4.jpg?format=500w 500w, https:\/\/ameaestate.com\/wp-content\/uploads\/2025\/02\/unsplash-image-iqeG5xA96M4.jpg?format=750w 750w, https:\/\/ameaestate.com\/wp-content\/uploads\/2025\/02\/unsplash-image-iqeG5xA96M4.jpg?format=1000w 1000w, https:\/\/ameaestate.com\/wp-content\/uploads\/2025\/02\/unsplash-image-iqeG5xA96M4.jpg?format=1500w 1500w, https:\/\/ameaestate.com\/wp-content\/uploads\/2025\/02\/unsplash-image-iqeG5xA96M4.jpg?format=2500w 2500w\" alt=\"\" width=\"2500\" height=\"1563\" data-stretch=\"false\" data-image=\"https:\/\/ameaestate.com\/wp-content\/uploads\/2025\/02\/unsplash-image-iqeG5xA96M4.jpg\" data-image-dimensions=\"2500x1563\" data-image-focal-point=\"0.5,0.5\" data-load=\"false\" data-loader=\"sqs\" \/><br \/>\n<\/figure>\n<p><strong>Cortijo Miraflores Cultural Centre<\/strong><\/p>\n<p>El Cortijo Miraflores Cultural Centre, ubicado en Marbella, Espa\u00f1a, es un din\u00e1mico recinto cultural instalado en una hist\u00f3rica finca. Acoge una variedad de eventos culturales, que incluyen exposiciones de arte, conciertos, representaciones teatrales y talleres. El centro tiene como objetivo promover actividades culturales y la participaci\u00f3n comunitaria en un entorno bellamente restaurado que combina el encanto hist\u00f3rico con la funcionalidad moderna.<\/p>\n<p class=\"\" style=\"white-space: pre-wrap;\">Performing Arts Center La Alcoholera (El Ingenio)<\/p>\n<p>El Performing Arts Center La Alcoholera, tambi\u00e9n conocido como El Ingenio, es un espacio cultural en Marbella, Espa\u00f1a, situado en una antigua f\u00e1brica de alcohol reconvertida. Acoge una amplia gama de espect\u00e1culos, que incluyen teatro, danza y m\u00fasica. El centro es conocido por su compromiso con la promoci\u00f3n de las artes esc\u00e9nicas y por ofrecer un espacio a artistas tanto locales como internacionales. El recinto combina la arquitectura industrial hist\u00f3rica con comodidades modernas para crear un espacio cultural \u00fanico.<\/p>\n<h3 style=\"white-space: pre-wrap;\"><strong>Museo del Grabado Espa\u00f1ol Contempor\u00e1neo<\/strong><\/h3>\n<p class=\"\" style=\"white-space: pre-wrap;\">El Museo del Grabado Espa\u00f1ol Contempor\u00e1neo, ubicado en Marbella, Espa\u00f1a, est\u00e1 dedicado al grabado contempor\u00e1neo espa\u00f1ol. Exhibe una diversa colecci\u00f3n de obras de artistas reconocidos, resaltando la evoluci\u00f3n y la innovaci\u00f3n en los medios gr\u00e1ficos. El museo acoge frecuentemente exposiciones, talleres y programas educativos, convirti\u00e9ndose en un vibrante n\u00facleo cultural tanto para los amantes del arte como para el p\u00fablico en general.<\/p>\n<h3 style=\"white-space: pre-wrap;\"><strong>Museo del Bonsai (Bonsai Museum)<\/strong><\/h3>\n<figure class=\" sqs-block-image-figure intrinsic \" style=\"max-width: 2500px;\">\n  <img loading=\"lazy\" decoding=\"async\" style=\"display: block; object-fit: cover; width: 100%; height: 100%; object-position: 50% 50%;\" src=\"https:\/\/ameaestate.com\/wp-content\/uploads\/2025\/02\/unsplash-image-JloxbrNcknY.jpg\" sizes=\"auto, (max-width: 640px) 100vw, (max-width: 767px) 100vw, 100vw\" srcset=\"https:\/\/ameaestate.com\/wp-content\/uploads\/2025\/02\/unsplash-image-JloxbrNcknY.jpg?format=100w 100w, https:\/\/ameaestate.com\/wp-content\/uploads\/2025\/02\/unsplash-image-JloxbrNcknY.jpg?format=300w 300w, https:\/\/ameaestate.com\/wp-content\/uploads\/2025\/02\/unsplash-image-JloxbrNcknY.jpg?format=500w 500w, https:\/\/ameaestate.com\/wp-content\/uploads\/2025\/02\/unsplash-image-JloxbrNcknY.jpg?format=750w 750w, https:\/\/ameaestate.com\/wp-content\/uploads\/2025\/02\/unsplash-image-JloxbrNcknY.jpg?format=1000w 1000w, https:\/\/ameaestate.com\/wp-content\/uploads\/2025\/02\/unsplash-image-JloxbrNcknY.jpg?format=1500w 1500w, https:\/\/ameaestate.com\/wp-content\/uploads\/2025\/02\/unsplash-image-JloxbrNcknY.jpg?format=2500w 2500w\" alt=\"\" width=\"2500\" height=\"1667\" data-stretch=\"false\" data-image=\"https:\/\/ameaestate.com\/wp-content\/uploads\/2025\/02\/unsplash-image-JloxbrNcknY.jpg\" data-image-dimensions=\"2500x1667\" data-image-focal-point=\"0.5,0.5\" data-load=\"false\" data-loader=\"sqs\" \/><br \/>\n<\/figure>\n<p>El Museo del Bonsai, ubicado en Marbella, Espa\u00f1a, est\u00e1 dedicado al arte del bons\u00e1i. Presenta una extensa colecci\u00f3n de estos minuciosamente cuidados \u00e1rboles en miniatura, mostrando diversos estilos y t\u00e9cnicas. El museo tiene como objetivo educar a los visitantes sobre la historia, el cuidado y la maestr\u00eda art\u00edstica involucrada en el cultivo del bons\u00e1i.<\/p>\n<p class=\"\" style=\"white-space: pre-wrap;\"><strong>Necropolis Prehist\u00f3rica de Corominas<\/strong><\/p>\n<p>La Necropolis Prehist\u00f3rica de Corominas, situada en Marbella, Espa\u00f1a, es un yacimiento arqueol\u00f3gico que presenta antiguas estructuras funerarias de la era prehist\u00f3rica. Incluye d\u00f3lmenes (tumbas megal\u00edticas) y otros monumentos funerarios que ofrecen informaci\u00f3n sobre las pr\u00e1cticas funerarias y las sociedades primitivas de la regi\u00f3n. La necr\u00f3polis es significativa para comprender el periodo prehist\u00f3rico en Andaluc\u00eda y ofrece una visi\u00f3n de la historia temprana de la humanidad a trav\u00e9s de sus bien conservados restos arqueol\u00f3gicos.<\/p>\n<p class=\"\" style=\"white-space: pre-wrap;\"><strong>Mirador del Carmen, Estepona<\/strong><\/p>\n<figure class=\" sqs-block-image-figure intrinsic \" style=\"max-width: 728px;\">\n  <img loading=\"lazy\" decoding=\"async\" style=\"display: block; object-fit: cover; width: 100%; height: 100%; object-position: 50% 50%;\" src=\"https:\/\/ameaestate.com\/wp-content\/uploads\/2025\/02\/torre.jpg\" sizes=\"auto, (max-width: 640px) 100vw, (max-width: 767px) 100vw, 100vw\" srcset=\"https:\/\/ameaestate.com\/wp-content\/uploads\/2025\/02\/torre.jpg?format=100w 100w, https:\/\/ameaestate.com\/wp-content\/uploads\/2025\/02\/torre.jpg?format=300w 300w, https:\/\/ameaestate.com\/wp-content\/uploads\/2025\/02\/torre.jpg?format=500w 500w, https:\/\/ameaestate.com\/wp-content\/uploads\/2025\/02\/torre.jpg?format=750w 750w, https:\/\/ameaestate.com\/wp-content\/uploads\/2025\/02\/torre.jpg?format=1000w 1000w, https:\/\/ameaestate.com\/wp-content\/uploads\/2025\/02\/torre.jpg?format=1500w 1500w, https:\/\/ameaestate.com\/wp-content\/uploads\/2025\/02\/torre.jpg?format=2500w 2500w\" alt=\"\" width=\"728\" height=\"353\" data-stretch=\"false\" data-image=\"https:\/\/ameaestate.com\/wp-content\/uploads\/2025\/02\/torre.jpg\" data-image-dimensions=\"728x353\" data-image-focal-point=\"0.5,0.5\" data-load=\"false\" data-loader=\"sqs\" \/><br \/>\n<\/figure>\n<p>El Mirador del Carmen en Estepona, Espa\u00f1a, es un mirador esc\u00e9nico que ofrece vistas panor\u00e1micas del mar Mediterr\u00e1neo y de la zona costera circundante. Es un lugar popular tanto para turistas como para locales, ideal para disfrutar de atardeceres impresionantes y hermosos paisajes de la costa. El mirador proporciona un espacio tranquilo para relajarse y apreciar la belleza natural de la regi\u00f3n.<\/p>\n<p class=\"\" style=\"white-space: pre-wrap;\">Pablo Picasso en M\u00e1laga<\/p>\n<figure class=\" sqs-block-image-figure intrinsic \" style=\"max-width: 800px;\">\n  <img loading=\"lazy\" decoding=\"async\" style=\"display: block; object-fit: cover; width: 100%; height: 100%; object-position: 50% 50%;\" src=\"https:\/\/ameaestate.com\/wp-content\/uploads\/2025\/02\/Una-imagen-de-la-exposicion-Pablo-Picasso-estructuras-de-la-invencion.jpg\" sizes=\"auto, (max-width: 640px) 100vw, (max-width: 767px) 100vw, 100vw\" srcset=\"https:\/\/ameaestate.com\/wp-content\/uploads\/2025\/02\/Una-imagen-de-la-exposicion-Pablo-Picasso-estructuras-de-la-invencion.jpg?format=100w 100w, https:\/\/ameaestate.com\/wp-content\/uploads\/2025\/02\/Una-imagen-de-la-exposicion-Pablo-Picasso-estructuras-de-la-invencion.jpg?format=300w 300w, https:\/\/ameaestate.com\/wp-content\/uploads\/2025\/02\/Una-imagen-de-la-exposicion-Pablo-Picasso-estructuras-de-la-invencion.jpg?format=500w 500w, https:\/\/ameaestate.com\/wp-content\/uploads\/2025\/02\/Una-imagen-de-la-exposicion-Pablo-Picasso-estructuras-de-la-invencion.jpg?format=750w 750w, https:\/\/ameaestate.com\/wp-content\/uploads\/2025\/02\/Una-imagen-de-la-exposicion-Pablo-Picasso-estructuras-de-la-invencion.jpg?format=1000w 1000w, https:\/\/ameaestate.com\/wp-content\/uploads\/2025\/02\/Una-imagen-de-la-exposicion-Pablo-Picasso-estructuras-de-la-invencion.jpg?format=1500w 1500w, https:\/\/ameaestate.com\/wp-content\/uploads\/2025\/02\/Una-imagen-de-la-exposicion-Pablo-Picasso-estructuras-de-la-invencion.jpg?format=2500w 2500w\" alt=\"\" width=\"800\" height=\"533\" data-stretch=\"false\" data-image=\"https:\/\/ameaestate.com\/wp-content\/uploads\/2025\/02\/Una-imagen-de-la-exposicion-Pablo-Picasso-estructuras-de-la-invencion.jpg\" data-image-dimensions=\"800x533\" data-image-focal-point=\"0.5,0.5\" data-load=\"false\" data-loader=\"sqs\" \/><em>El Museo Picasso M\u00e1laga<\/em><\/figure>\n<p>El Museo Picasso M\u00e1laga, ubicado en la ciudad natal del artista en M\u00e1laga, Espa\u00f1a, est\u00e1 dedicado a las obras del ic\u00f3nico Pablo Picasso. Inaugurado en 2003, el museo exhibe una colecci\u00f3n integral de m\u00e1s de 200 obras, que incluyen pinturas, esculturas, dibujos y cer\u00e1micas, abarcando la diversa carrera art\u00edstica de Picasso. El museo est\u00e1 alojado en el Palacio de Buenavista, un edificio renacentista que combina arquitectura hist\u00f3rica con elementos de dise\u00f1o moderno. Adem\u00e1s de su colecci\u00f3n permanente, el museo acoge exposiciones temporales, programas educativos y actividades culturales, convirti\u00e9ndose en un importante n\u00facleo cultural en M\u00e1laga y en un destino clave para los amantes del arte.<\/p>\n<p class=\"\" style=\"white-space: pre-wrap;\">Marbella: Una celebraci\u00f3n de cultura y arte durante todo el a\u00f1o<\/p>\n<p>Marbella ofrece una vibrante mezcla de eventos culturales y espacios art\u00edsticos, celebrando su rico patrimonio y su din\u00e1mica escena contempor\u00e1nea. Desde festivales religiosos y ferias hasta festivales de jazz y cine, hay algo para todos. Sus numerosas galer\u00edas de arte y museos exhiben tanto arte local como internacional, asegurando que tanto visitantes como residentes experimenten lo mejor de este para\u00edso mediterr\u00e1neo durante todo el a\u00f1o.<br \/>\n\u00abEl floreciente panorama art\u00edstico y cultural de Marbella hace de este un lugar fant\u00e1stico para vivir. No se trata solo de hermosas propiedades, sino tambi\u00e9n de una comunidad vibrante y eventos durante todo el a\u00f1o que hacen que la vida aqu\u00ed sea realmente especial\u00bb, comenta Kenan Sinanovic en Amea.<\/p>","protected":false},"excerpt":{"rendered":"<p>Marbella es una ciudad que nunca duerme, ofreciendo un rico mosaico de eventos y actividades durante todo el a\u00f1o. Desde festivales culturales hasta fiestas exclusivas, siempre hay algo sucediendo en este vibrante destino mediterr\u00e1neo. Ya seas un habitante o un visitante, es esencial estar al tanto de las fechas clave que hacen de Marbella un [&hellip;]<\/p>\n","protected":false},"author":2,"featured_media":1263,"comment_status":"closed","ping_status":"closed","sticky":false,"template":"","format":"standard","meta":{"_acf_changed":false,"slim_seo":{"title":"[:en]Art &amp; Culture Guide Marbella[:es]Gu\u00eda de Arte y Cultura de Marbella[:] - Amea","description":"[:en]Marbella is a city that never sleeps, offering a rich tapestry of events and activities throughout the year. From cultural festivals to exclusive parties,"},"footnotes":""},"categories":[12],"tags":[],"class_list":["post-1262","post","type-post","status-publish","format-standard","has-post-thumbnail","hentry","category-costa-del-sol"],"acf":[],"_links":{"self":[{"href":"https:\/\/www.ameaestate.com\/es\/wp-json\/wp\/v2\/posts\/1262","targetHints":{"allow":["GET"]}}],"collection":[{"href":"https:\/\/www.ameaestate.com\/es\/wp-json\/wp\/v2\/posts"}],"about":[{"href":"https:\/\/www.ameaestate.com\/es\/wp-json\/wp\/v2\/types\/post"}],"author":[{"embeddable":true,"href":"https:\/\/www.ameaestate.com\/es\/wp-json\/wp\/v2\/users\/2"}],"replies":[{"embeddable":true,"href":"https:\/\/www.ameaestate.com\/es\/wp-json\/wp\/v2\/comments?post=1262"}],"version-history":[{"count":5,"href":"https:\/\/www.ameaestate.com\/es\/wp-json\/wp\/v2\/posts\/1262\/revisions"}],"predecessor-version":[{"id":6185,"href":"https:\/\/www.ameaestate.com\/es\/wp-json\/wp\/v2\/posts\/1262\/revisions\/6185"}],"wp:featuredmedia":[{"embeddable":true,"href":"https:\/\/www.ameaestate.com\/es\/wp-json\/wp\/v2\/media\/1263"}],"wp:attachment":[{"href":"https:\/\/www.ameaestate.com\/es\/wp-json\/wp\/v2\/media?parent=1262"}],"wp:term":[{"taxonomy":"category","embeddable":true,"href":"https:\/\/www.ameaestate.com\/es\/wp-json\/wp\/v2\/categories?post=1262"},{"taxonomy":"post_tag","embeddable":true,"href":"https:\/\/www.ameaestate.com\/es\/wp-json\/wp\/v2\/tags?post=1262"}],"curies":[{"name":"wp","href":"https:\/\/api.w.org\/{rel}","templated":true}]}}